{"id":43,"date":"2021-08-10T20:52:51","date_gmt":"2021-08-10T18:52:51","guid":{"rendered":"https:\/\/uranusacum.ro\/?p=43"},"modified":"2022-05-08T09:10:39","modified_gmt":"2022-05-08T07:10:39","slug":"rodica-scafes-despre-casa-din-strada-ecoului-50","status":"publish","type":"post","link":"https:\/\/uranusacum.ro\/en\/rodica-scafes-despre-casa-din-strada-ecoului-50\/","title":{"rendered":"Rodica Scafe\u0219 despre casa din strada Ecoului 50"},"content":{"rendered":"<figure class=\"wp-block-embed is-type-rich is-provider-embed-handler wp-block-embed-embed-handler wp-embed-aspect-16-9 wp-has-aspect-ratio\"><div class=\"wp-block-embed__wrapper\">\n<iframe loading=\"lazy\" title=\"URANUS ACUM: Rodica Scafe\u0219 \u0219i Dumitru Belu despre casa din Ecoului 50\" width=\"750\" height=\"422\" src=\"https:\/\/www.youtube.com\/embed\/yIwqGCCsTUU?feature=oembed\" frameborder=\"0\" allow=\"accelerometer; autoplay; clipboard-write; encrypted-media; gyroscope; picture-in-picture\" allowfullscreen><\/iframe>\n<\/div><\/figure>\n\n\n\n<p>IPC \u2013 Ilinca P\u0103un Constantinescu<br>OS \u2013Oana Suciu<br>RS \u2013 Rodica Scafe\u0219<\/p>\n\n\n\n<p>RS: \u00cen aceast\u0103 cas\u0103 m-am n\u0103scut. Bunicii au stat (ini\u021bial) pe L\u0103zureanu cu chirie, \u00eentr-o cas\u0103 cu foarte mul\u021bi chiria\u0219i. \u0218i (\u00een 1913) au cump\u0103rat casa. Din fericire, ce a avut mai bun casa aceasta, \u00een compara\u021bie cu alte case de pe Ecoului, a fost curtea destul de generoas\u0103. Noi am putut s\u0103 avem \u0219i o gr\u0103dina de flori; \u00een fa\u021ba turnului erau numai butoaie cu flori, leandru, rodiu, filodendron, ficus. \u0218i pe parcela asta erau ni\u0219te alei f\u0103cute. Aici era un liliac. C\u00e2nd s-a demolat casa, \u00een \u201884, am luat dou\u0103 lucruri vii din ea, c\u0103 nu aveam altceva ce s\u0103 iau: un pui de liliac \u0219i unul de rodiu. Nu ne-au l\u0103sat s\u0103 lu\u0103m sobele, dintre care cel pu\u021bin cea de la etaj era de patrimoniu.<\/p>\n\n\n\n<div class=\"wp-block-image\"><figure class=\"aligncenter\"><a href=\"https:\/\/e-zeppelin.ro\/wp-content\/uploads\/2019\/10\/02_Plan.jpg\"><img decoding=\"async\" src=\"https:\/\/e-zeppelin.ro\/wp-content\/uploads\/2019\/10\/02_Plan-1024x678.jpg\" alt=\"\" class=\"wp-image-30025\"\/><\/a><\/figure><\/div>\n\n\n\n<p><em>*Casa \u0219i vecin\u0103t\u0103\u021bile. Plan reconstituit<\/em><\/p>\n\n\n\n<p>Imagina\u021bi-v\u0103 c\u0103 l\u00e2ng\u0103 peretele de la cas\u0103 al\u0103turat\u0103 erau zorele mari c\u00e2t palma \u0219i aici era potec\u0103 cu flori de tot felul: petunii, regina nop\u021bii. (\u2026) Bunicii \u00eei pl\u0103cea s\u0103 stea \u00een \u0219ezlong, surorii mamei \u00eei pl\u0103cea s\u0103 c\u00e2nte la pianin\u0103 cu u\u0219a la cas\u0103 deschis\u0103. C\u00e2nta Chopin, nocturne, valsuri, \u0219i bunica era \u00een extaz; parfum de petunii, toate stropite proasp\u0103t de bunicul \u00een fiecare sear\u0103 cu o stropitoare de metal. Asta este atmosfera \u00een care am crescut, cu reminiscen\u021be ale unei lumi apuse, dar care \u0219i-a pus amprenta asupra noastr\u0103.<\/p>\n\n\n\n<div class=\"wp-block-image\"><figure class=\"aligncenter\"><a href=\"https:\/\/e-zeppelin.ro\/wp-content\/uploads\/2019\/10\/03-1.jpg\"><img decoding=\"async\" src=\"https:\/\/e-zeppelin.ro\/wp-content\/uploads\/2019\/10\/03-1-1024x720.jpg\" alt=\"\" class=\"wp-image-30026\"\/><\/a><\/figure><\/div>\n\n\n\n<p><em>Arhiva familiilor Belu, Grigorescu\/Scafe\u015f \u015fi Boulescu<\/em><\/p>\n\n\n\n<p>Bunicul a f\u0103cut o mi\u0219care foarte inteligent\u0103, cam oportunist\u0103, dar \u0219i-a salvat familia. \u00cen \u201945 s-a \u00eenscris \u00een PCR. Hodoronc-tronc. Nu f\u0103cuse politic\u0103 niciodat\u0103. \u0218i faptul c\u0103 s-a \u00eenscris singur, a\u0219a, c\u00e2nd era pensionar, deci nu conta deloc, a fost \u00eentr-un fel modul \u00een care a putut s\u0103-\u0219i p\u0103streze casa. Casele de obicei ori erau \u00eenchiriate de ICRAL, ori aveau al\u021bi proprietari, care st\u0103teau cu chirie acolo. \u0218i faptul c\u0103 a putut s\u0103-\u0219i p\u0103streze casa ne\u00eentrerupt, din 1913, c\u00e2nd au cump\u0103rat-o, p\u00e2n\u0103 \u00een \u201984, c\u00e2nd s-a demolat, a fost un mare succes. Bunicul era \u00een PCR, dar bunica sfida \u00een fiecare ceas al zilei or\u00e2nduirea comunist\u0103. A\u0219a cum \u0219tia ea : c\u00e2nd mergea la biseric\u0103 sau c\u00e2nd ie\u0219ea din cas\u0103 cu o cruce mare de sidef, sculptata, la piept. \u00cen biserica Spirea Veche, avea strana ei, care era prima din partea st\u00e2ng\u0103, cum te uitai la altar, cu numele ei gravat acolo. Avea un taburet dedesubt, pe care st\u0103tea sora mamei, c\u00e2nd se duceau acolo. Ea nesmintit a mers \u00eenainte. Nu au impresionat-o, nu au speriat-o.<\/p>\n\n\n\n<p>OS: A\u0219adar casa a fost construit\u0103 \u00een 1913?<\/p>\n\n\n\n<p>RS: Casa a fost cump\u0103rat\u0103 \u00een 1913, dar nu ar\u0103ta a\u0219a. Asta este o cas\u0103 modificat\u0103 (\u2026) \u00cen locul acestui semiturn, semicircular, erau ni\u0219te trepte \u0219i era o intrare cu o marchiz\u0103. Aici mergea p\u00e2n\u0103 \u00een spate, \u00een buc\u0103t\u0103rie, \u0219i era o fereastr\u0103. \u0218i aici era u\u0219a de acces \u2013 intrarea de serviciu. \u0218i aici se intra \u00een beci. Aici era scara de serviciu care urca la etaj.&nbsp; Iar aici era o buc\u0103t\u0103rie foarte mare, apoi c\u0103mara, aici un sas. \u0218i sufrageria. Dintr-un beci \u00een cel\u0103lalt se trecea printr-o arcad\u0103. \u021aineam acolo lemnele, butoiul cu varz\u0103. \u0218i aici, era o scar\u0103 \u0219i intrai deasupra beciului, \u00een sp\u0103l\u0103torie, \u0219i ie\u0219eai pe teras\u0103. \u00cen camera de aici, era un oberlicht.<\/p>\n\n\n\n<p>IPC: Mi se pare o solu\u021bie foarte bun\u0103 de ocupare a terenului pe col\u021b. \u0218i mi se mai&nbsp; pare interesant cum s-au raportat la ni\u0219te elemente medievale: turnurile, crenelurile, care \u00eenlocuiau formele clasice. Cred c\u0103 era\u021bi fascinat\u0103. Tr\u0103ia\u021bi \u00eentr-un soi de romantism, un fel de Ev Mediu.<\/p>\n\n\n\n<p>RS: Da. \u0218i avea 6 ferestre. Trei jos \u0219i trei la etaj plus turnul. Pe scar\u0103, ne jucam, copii fiind. Ne pl\u0103cea foarte mult scara din fa\u021b\u0103. Noi am locuit \u00een spate \u2013 asta a fost zona noastr\u0103 de locuire. Aici era sora mamei \u0219i la parter erau bunicii.<\/p>\n\n\n\n<div class=\"wp-block-image\"><figure class=\"aligncenter\"><a href=\"https:\/\/e-zeppelin.ro\/wp-content\/uploads\/2019\/10\/04.jpg\"><img decoding=\"async\" src=\"https:\/\/e-zeppelin.ro\/wp-content\/uploads\/2019\/10\/04-1024x723.jpg\" alt=\"\" class=\"wp-image-30027\"\/><\/a><\/figure><\/div>\n\n\n\n<p><em>Arhiva familiilor Belu, Grigorescu\/Scafe\u015f \u015fi Boulescu<\/em><\/p>\n\n\n\n<p>OS: Cum de s-au g\u00e2ndit s\u0103 locuiasc\u0103 fix \u00een Uranus?<\/p>\n\n\n\n<p>RS: Nu am s\u0103 \u0219tiu niciodat\u0103 de ce au ales cartierul. Poate pentru c\u0103 au locuit ini\u021bial cu chirie pe L\u0103zureanu \u0219i le-a pl\u0103cut zona.<\/p>\n\n\n\n<p>La un moment dat, mama a f\u0103cut o demen\u021b\u0103 senil\u0103 benign\u0103, care nu a afectat-o enorm ; a r\u0103mas a\u0219a cum a fost toat\u0103 via\u021ba \u2013 bl\u00e2nd\u0103, cald\u0103, bun\u0103. Doar c\u0103 pleca, \u00een minte, mereu pe Ecoului 50. Dac\u0103 nu erai atent, mergea pe Ecoului. \u0218i spunea \u201cAm fost acas\u0103.\u201d \u2013 \u201cNu aveai cum, mami. Nu mai este Ecoului 50.\u201d<\/p>\n\n\n\n<p>Au fost foarte mul\u021bi evrei de pe strad\u0103, \u0219i aproape to\u021bi au plecat. \u00cen \u201961 s-au golit casele. Aveam o prieten\u0103 foarte bun\u0103 la 51, deci pe partea cealalt\u0103 \u2013 a plecat \u00een \u201961 \u0219i parc\u0103 v\u0103d secven\u021ba : pe peronul G\u0103rii de Nord, cu lacrimile \u00eennodate \u00een b\u0103rbie, ea la geam. Pe ea o chema Paula Rivin. (\u2026) \u0218i al\u0103turi, la 53, la parter locuia Robert Marcovici \u2013 mama lui a murit aici, \u00een Rom\u00e2nia, \u00eenainte s\u0103 plece. A plecat \u0219i el, cu tat\u0103l lui. La etaj, locuiau surorile Wafler \u2013 erau ni\u0219te doamne dr\u0103gu\u021be. Iar \u00een vale, pe partea dreapt\u0103, mai era o fat\u0103 \u2013 Liana Victor, care era tot evreic\u0103 \u0219i a plecat \u0219i ea. Mai era un compozitor, Rubinstein, care locuia \u00een cap\u0103tul dinspre Uranus al str\u0103zii. Era o cas\u0103 acolo cu parterul \u00eembr\u0103cat \u00een marmur\u0103 neagr\u0103, \u00een exterior.<\/p>\n\n\n\n<p>IPC: Casele lor fuseser\u0103 na\u021bionalizate, nu?<\/p>\n\n\n\n<p>OS: Erau proprietari sau erau chiria\u0219i?<\/p>\n\n\n\n<p>RS: Cei din familia Rivin erau chiria\u0219i. Ei erau din Ia\u0219i, tat\u0103l Paulei fusese chiar \u00een trenul mor\u021bii. Era un tip complet albit, la 30 de ani. La num\u0103rul 51, intrai, mergeai \u00een spate, urcai la etaj la ei, iar \u00een fa\u021b\u0103, la parter, era doctorul V\u0103leanu. Nu aveau cur\u021bi.<\/p>\n\n\n\n<p>OS: Dar copiii se jucau pe strad\u0103, nu?<\/p>\n\n\n\n<p>RS: Pe strad\u0103! Nu trecea nici o ma\u0219in\u0103. Era extraordinar, o pl\u0103cere! Era o tihn\u0103 vara\u2026 ! Pe Ecoului, chiar din dreptul casei noastre, se accentua pant\u0103 \u00een jos, era cea mai frumoas\u0103 perspectiv\u0103 c\u0103tre Patriarhie \u0219i Adunarea Na\u021bional\u0103. \u0218i veneau pictorii, \u00ee\u0219i a\u0219ezau \u0219evaletul pe trotuar, sau chiar pe strad\u0103, \u0219i pictau din zona asta. \u00cei vedeam \u0219i era o pl\u0103cere. Nu mai spun iarna. Iarna nu ne puteau aduna \u00een acas\u0103 de la s\u0103niu\u015f. Era o nebunie.<\/p>\n\n\n\n<p>\u00cen timpul verii, se f\u0103cea \u00eentuneric seara, pe la 9, 9 jumate, \u0219i ne strigau de la toate por\u021bile s\u0103 intr\u0103m \u00een cas\u0103. \u0218i mai era parfumul \u0103sta de flori. Mergeam cu copiii. Mergeam la furat liliac. Nu existau frigidere. Ap\u0103ruser\u0103 r\u0103citoarele \u00eentr-un t\u00e2rziu, dar cine era nebun s\u0103 care blocuri de ghea\u021b\u0103, s\u0103 le sparg\u0103, s\u0103 le bage \u00een pivni\u021b\u0103?<\/p>\n\n\n\n<p>OS: Am \u00een\u021beles c\u0103 trecea ghe\u021barul \u2026<\/p>\n\n\n\n<p>RS: Trecea. De exemplu, de ziua mea, care e la mijlocul lunii iulie, bunica \u00eemi f\u0103cea \u00eenghe\u021bat\u0103 de vanilie \u00een \u0219erbetier\u0103 \u0219i o punea \u00eentr-o cutie de la masca de gaze. Avea mai multe m\u0103\u0219ti de gaze de pe timpul r\u0103zboiului, \u00een beci. \u0218i bunicul se ducea, aducea blocul de ghea\u021b\u0103. \u00cel sp\u0103rgea, punea \u00een \u0219erbetier\u0103, era ca un butoia\u0219, \u00eenv\u00e2rtea la manivel\u0103. \u00cemi mai aduc aminte de l\u0103ptarul care ne aducea lapte, iar bunicii \u00eensemnau cu cret\u0103, pe tocul u\u015fii. V\u0103 da\u021bi seama ce rela\u021bie era \u00eentre ei, dac\u0103 ei tr\u0103geau un b\u0103\u021b cu creta ca s\u0103 \u0219tie c\u00e2t trebuie s\u0103-i pl\u0103teasc\u0103 pe lun\u0103 laptele.<\/p>\n\n\n\n<p>OS: Era pe \u00eencredere.<\/p>\n\n\n\n<p>RS: Era pe \u00eencredere. P\u0103i puteau s\u0103 \u0219tearg\u0103 din be\u021bele alea, dac\u0103 erau ni\u0219te oameni incorec\u021bi, \u0219i nu ar fi \u0219tiut nimeni. Pentru c\u0103 nu era ma\u0219in\u0103 de sp\u0103lat rufe \u00eenc\u0103 \u00een anii \u201950, venea doamna Maria. Era o doamn\u0103 foarte bine f\u0103cut\u0103, care venea \u0219i sp\u0103la \u00een sp\u0103l\u0103torie \u2013 exista cazan de rufe, la care se f\u0103cea foc, \u0219i unde se fierbeau toate rufele, care se sp\u0103lau de m\u00e2na \u00eentr-o albie de aram\u0103.<\/p>\n\n\n\n<p>\u00cemi mai amintesc cum bunicul punea mur\u0103turi asortate \u00eentr-un butoia\u0219 \u2013 pepene, m\u0103r, castrave\u021bi, ro\u0219ie, varz\u0103 alb\u0103, ro\u0219ie, de toate \u2013 care trebuia plimbat prin soare \u0219i eu \u00eel rostogoleam prin curte p\u00e2n\u0103 la poart\u0103 \u0219i \u00eenapoi. P\u00e2n\u0103 zicea el \u201cgata!\u201d<\/p>\n\n\n\n<div class=\"wp-block-image\"><figure class=\"aligncenter\"><a href=\"https:\/\/e-zeppelin.ro\/wp-content\/uploads\/2019\/10\/05-1-1.jpg\"><img decoding=\"async\" src=\"https:\/\/e-zeppelin.ro\/wp-content\/uploads\/2019\/10\/05-1-1-819x1024.jpg\" alt=\"\" class=\"wp-image-30028\"\/><\/a><\/figure><\/div>\n\n\n\n<p><em>Pies\u0103 vestimentar\u0103 cro\u015fetat\u0103 de Elena P. Tru\u0163escu, proprietar\u0103 a imobilului din str. Ecoului nr. 50. Piesa are cca. 90 de ani vechime \u015fi a fost realizat\u0103 din a\u0163\u0103 de Irlanda (Arhiva familiilor Belu, Grigorescu\/Scafe\u015f \u015fi Boulescu)<\/em><\/p>\n\n\n\n<p>IPC: \u0218i \u00een cartier cu cine v\u0103 juca\u021bi?<\/p>\n\n\n\n<p>RS: Cu Paula Rivin. Cu prietena asta a mea care a emigrat \u0219i cu care m\u0103 v\u0103d \u0219i acum.<\/p>\n\n\n\n<p>IPC: \u0218i \u00een casa de la 43, cea foarte decorat\u0103?<\/p>\n\n\n\n<p>RS: Acolo st\u0103tea familia Dudchievici. L\u00e2ng\u0103, era familia Barcarevici, la num\u0103rul 41. L\u00e2ng\u0103 ei, la 49, locuia familia Caporalis. Era o cas\u0103 cu garaj \u0219i, deasupra garajului, cu o teras\u0103 cu mu\u0219cate. Aici, pe strada Constantin Bosianu, era o libr\u0103rie la col\u021b. \u0218i aici era magazinul Ferometal, la 109.<\/p>\n\n\n\n<p>La Gr\u0103dina de var\u0103 a cinematografului Co\u0219buc, era o pl\u0103cere s\u0103 vii s\u0103 vezi filme. Aici, mai era un magazin, se numea \u201cMeinl\u201d \u2013 era pe vremea aia o marca de cafea. Era o bog\u0103\u021bie via\u021ba pe vremea aia. Urcai pe l\u00e2ng\u0103 Fabrica de Bere Bragadiru \u0219i, \u00eenainte s\u0103 ajungi la pia\u021b\u0103, erau numai c\u0103ru\u021be cu coviltir pline cu produse.<\/p>\n\n\n\n<p>OS: \u0218i de Pa\u0219te cum era?<\/p>\n\n\n\n<p>RS: Bunica respecta treaba asta. \u00cen Vinerea Mare, nu se d\u0103dea drumul la radio. Nu aveai voie s\u0103 c\u00e2n\u021bi \u00een cas\u0103. Era foarte p\u0103truns\u0103. Se f\u0103cea cozonac. Ou\u0103le se \u00eenro\u0219eau obligatoriu \u00een Joia Patimilor.<\/p>\n\n\n\n<p>\u00cen iarna lui \u201954, c\u00e2nd a fost jale, s\u0103racii bunici au r\u0103mas f\u0103r\u0103 lemne. \u0218i au ars gardul de la gr\u0103din\u0103.&nbsp; Au ars \u00eenc\u0103l\u021b\u0103minte veche. Au ars scaune. Noi eram la Arad. La Arad, \u00eenfloreau migdalii. Bietul tata, s-a urcat \u00een tren \u0219i s-a dus la Bucure\u0219ti ca s\u0103-i salveze pe bunici. Tata, \u00eempreun\u0103 cu al\u021bi neferici\u021bi, au desc\u0103rcat un vagon de lemne, le-a c\u0103rat&nbsp; pe o s\u0103niu\u021b\u0103, a f\u0103cut nu \u0219tiu c\u00e2te drumuri, a apoi a spart lemnele. C\u0103 s\u0103 aib\u0103 cu ce se \u00eenc\u0103lzi. \u00cen \u201955 am revenit de la Arad.<\/p>\n\n\n\n<p>OS: \u0218i c\u00e2\u021bi ani a\u021bi avut atunci?<\/p>\n\n\n\n<p>RS: Eram \u00een clasa a 2-a, aveam 8 ani. \u0218i am \u00eenceput \u0219coala la Ion Creang\u0103, la 127, \u00een cartier, chiar \u00een cap\u0103tul str\u0103zii Ecoului. Traversam Uranus \u0219i era \u0219coala. \u0218colile erau numerotate. 127 era asta, 126 era cea din Salvator. 124 era Romanescu. \u0218i 126 era la Pui\u0219or.<\/p>\n\n\n\n<p>IPC: Mergea\u021bi pe jos p\u00e2n\u0103 la liceu?<\/p>\n\n\n\n<p>RS: Nu. Luam tramvaiul nr. 2. Coboram pe Uranus \u0219i apoi traversam podul Izvor pe jos.<\/p>\n\n\n\n<div class=\"wp-block-image\"><figure class=\"aligncenter\"><a href=\"https:\/\/e-zeppelin.ro\/wp-content\/uploads\/2019\/10\/06.jpg\"><img decoding=\"async\" src=\"https:\/\/e-zeppelin.ro\/wp-content\/uploads\/2019\/10\/06.jpg\" alt=\"\" class=\"wp-image-30029\"\/><\/a><\/figure><\/div>\n\n\n\n<p><em>Arhiva familiilor Belu, Grigorescu\/Scafe\u015f \u015fi Boulescu<\/em><\/p>\n\n\n\n<p>IPC: Ce v\u0103 aminti\u021bi de atunci, cu demolarea?<\/p>\n\n\n\n<p>RS: Din 1967, a r\u0103mas v\u0103rul meu, Dumitru (Puiu) Belu, \u00een cas\u0103, p\u00e2n\u0103 \u00een \u201984, cu so\u021bia \u0219i copilul \u0219i cu mama lui. Pentru c\u0103 la demolare au considerat c\u0103 sunt dou\u0103 familii, le-au dat un apartament cu dou\u0103 camere m\u0103tu\u0219ii \u0219i lor un apartament cu trei camere, \u00een Cr\u00e2nga\u0219i.<\/p>\n\n\n\n<p>V\u0103rul meu poate s\u0103 va spun\u0103 mai multe. Am \u00een\u021beles din pove\u0219tile lui c\u0103, \u00eentruc\u00e2t demolarea s-a f\u0103cut pe etape, au tr\u0103it destul de prost \u00een ultima perioad\u0103. O perioad\u0103 destul de \u00eendelungat\u0103. \u0218i nu li s-a permis s\u0103 ia nimic din cas\u0103.<\/p>\n\n\n\n<p>IPC : Au stat \u00een cas\u0103 p\u00e2n\u0103 \u00een ultima clip\u0103.<\/p>\n\n\n\n<p>RS: Da, p\u00e2n\u0103 c\u00e2nd s-a putut. S-a t\u0103iat curentul, s-au t\u0103iat utilit\u0103\u021bile \u2013 \u0219i pe urm\u0103 s-au mutat. Pentru ei a fost cel mai greu s\u0103 lase casa.&nbsp; Am aflat despre demolare de la v\u0103rul meu, care lucrase la ni\u0219te planuri de proiectare \u0219i ne spusese de o zona galben\u0103. \u201cAcolo o s\u0103 cad\u0103, o s\u0103 se duc\u0103 tot.\u201d El a \u0219tiut dinainte, noi tot am crezut c\u0103 nu o s\u0103 se \u00eent\u00e2mple. E p\u0103cat de cartierul asta. Avea o istorie\u2026cu pompierii, cu luptele din Dealul Spirii\u2026<\/p>\n\n\n\n<p>OS: Arsenalul Armatei, stadionul\u2026.<\/p>\n\n\n\n<p>RS: A\u0219a, despre stadion\u2026Nu mult\u0103 lume \u0219tia c\u0103 sub tribuna \u00eent\u00e2i era un bac, unde se antrenau canotorii iarna. F\u0103ceam for\u021b\u0103 acolo, c\u0103 tr\u0103geam la bac iarna. (\u2026) Dup\u0103 ce transpiram serios, coboram pe stadion \u0219i f\u0103ceam ture, alergam. Erau concursuri atletice acolo, care au fost o minun\u0103\u021bie, concursuri interna\u021bionale, cu sportivi fantastici. Am v\u0103zut-o pe viu pe Iolanda Balaci. Am fost legat\u0103 de sport \u0219i de stadionul \u0103la.<\/p>\n\n\n\n<p>OS: A fost un stadion foarte iubit de bucure\u0219teni.<\/p>\n\n\n\n<p>RS: Da \u0219i pentru c\u0103 era mai intim. Nu era o monstrozitate din asta cu mii de etaje. Era un stadion care \u00ee\u0219i servea scopul.<\/p>\n\n\n\n<div class=\"wp-block-image\"><figure class=\"aligncenter\"><a href=\"https:\/\/e-zeppelin.ro\/wp-content\/uploads\/2019\/10\/07_Andrei-Birsan-047-21.jpg\"><img decoding=\"async\" src=\"https:\/\/e-zeppelin.ro\/wp-content\/uploads\/2019\/10\/07_Andrei-Birsan-047-21-1024x659.jpg\" alt=\"\" class=\"wp-image-30030\"\/><\/a><\/figure><\/div>\n\n\n\n<p><em>Stadionul Republicii. Foto: Andrei B\u00eersan, anii \u201980<\/em><\/p>","protected":false},"excerpt":{"rendered":"<p>IPC \u2013 Ilinca P\u0103un ConstantinescuOS \u2013Oana SuciuRS \u2013 Rodica Scafe\u0219 RS: \u00cen aceast\u0103 cas\u0103 m-am n\u0103scut. Bunicii au stat (ini\u021bial) pe L\u0103zureanu cu chirie, \u00eentr-o cas\u0103 cu foarte mul\u021bi chiria\u0219i. \u0218i (\u00een 1913) au cump\u0103rat casa. Din fericire, ce a avut mai bun casa aceasta, \u00een compara\u021bie cu alte case de pe Ecoului, a fost&hellip; <a class=\"more-link\" href=\"https:\/\/uranusacum.ro\/en\/rodica-scafes-despre-casa-din-strada-ecoului-50\/\">Continue reading <span class=\"screen-reader-text\">Rodica Scafe\u0219 despre casa din strada Ecoului 50<\/span><\/a><\/p>","protected":false},"author":1,"featured_media":258,"comment_status":"open","ping_status":"open","sticky":false,"template":"","format":"standard","meta":{"footnotes":""},"categories":[28],"tags":[10,9,7,8,5,4],"_links":{"self":[{"href":"https:\/\/uranusacum.ro\/en\/wp-json\/wp\/v2\/posts\/43"}],"collection":[{"href":"https:\/\/uranusacum.ro\/en\/wp-json\/wp\/v2\/posts"}],"about":[{"href":"https:\/\/uranusacum.ro\/en\/wp-json\/wp\/v2\/types\/post"}],"author":[{"embeddable":true,"href":"https:\/\/uranusacum.ro\/en\/wp-json\/wp\/v2\/users\/1"}],"replies":[{"embeddable":true,"href":"https:\/\/uranusacum.ro\/en\/wp-json\/wp\/v2\/comments?post=43"}],"version-history":[{"count":3,"href":"https:\/\/uranusacum.ro\/en\/wp-json\/wp\/v2\/posts\/43\/revisions"}],"predecessor-version":[{"id":259,"href":"https:\/\/uranusacum.ro\/en\/wp-json\/wp\/v2\/posts\/43\/revisions\/259"}],"wp:featuredmedia":[{"embeddable":true,"href":"https:\/\/uranusacum.ro\/en\/wp-json\/wp\/v2\/media\/258"}],"wp:attachment":[{"href":"https:\/\/uranusacum.ro\/en\/wp-json\/wp\/v2\/media?parent=43"}],"wp:term":[{"taxonomy":"category","embeddable":true,"href":"https:\/\/uranusacum.ro\/en\/wp-json\/wp\/v2\/categories?post=43"},{"taxonomy":"post_tag","embeddable":true,"href":"https:\/\/uranusacum.ro\/en\/wp-json\/wp\/v2\/tags?post=43"}],"curies":[{"name":"wp","href":"https:\/\/api.w.org\/{rel}","templated":true}]}}